{"id":276292,"date":"2025-07-03T12:06:40","date_gmt":"2025-07-03T11:06:40","guid":{"rendered":"https:\/\/devetoper.com\/?p=276292"},"modified":"2026-04-04T12:32:41","modified_gmt":"2026-04-04T11:32:41","slug":"czy-polacy-sa-przykreceni-do-kaloryfera","status":"publish","type":"post","link":"https:\/\/devetoper.com\/en\/czy-polacy-sa-przykreceni-do-kaloryfera\/","title":{"rendered":"Czy Polacy s\u0105 przykr\u0119ceni do kaloryfera?"},"content":{"rendered":"\n<h2 class=\"wp-block-heading\">Dlaczego nie rzucamy wszystkiego i nie wyje\u017cd\u017camy w tropiki \u2013 cho\u0107 mogliby\u015bmy.<\/h2>\n\n\n\n<p>W Polsce istnieje powiedzenie: \u201eStarych drzew si\u0119 nie przesadza\u201d. Jest w tym mo\u017ce troch\u0119 biologicznej prawdy, ale spo\u0142ecznie \u2013 to zupe\u0142nie nietrafne podej\u015bcie. Przypomina ono sytuacj\u0119, w kt\u00f3rej kto\u015b m\u00f3g\u0142by w\u0142a\u015bnie odpoczywa\u0107 na pla\u017cy, trzymaj\u0105c w d\u0142oni drinka z palemk\u0105, \u015bmiej\u0105c si\u0119 z zimowej prognozy pogody, a zamiast tego tkwi przy oknie w wielkiej p\u0142ycie w Radomiu, z termoforem i herbatk\u0105 z torebki. Dlaczego?<\/p>\n\n\n\n<p>Bo przecie\u017c \u201etu jest przychodnia, tu Biedronka, a tam pani Halinka z trzeciego pi\u0119tra\u201d.<\/p>\n\n\n\n<p>Mimo \u017ce Polacy coraz cz\u0119\u015bciej podr\u00f3\u017cuj\u0105, lataj\u0105 samolotami i zerkaj\u0105 na Instagramowe zachody s\u0142o\u0144ca z Teneryfy, wci\u0105\u017c nosz\u0105 w sobie gen Kaloryferusa Betonowego \u2013 czyli g\u0142\u0119bokie przywi\u0105zanie do miejsca zamieszkania, nawet je\u015bli to miejsce od dawna nie przynosi rado\u015bci, a co najwy\u017cej przyzwyczajenie.<\/p>\n\n\n\n<p>L\u0119k przed zmian\u0105 silniejszy ni\u017c marzenia<\/p>\n\n\n\n<p>Mieszkanie po babci? Zostaje. Mieszkanie po prababci, gdzie \u015bciany pami\u0119taj\u0105 jeszcze czasy Gierka? Te\u017c zostaje. Nawet gdy tynk odpada, kaloryfery hucz\u0105, a okna trzymaj\u0105 si\u0119 na wiar\u0119 \u2013 i tak lepiej nie rusza\u0107. Bo \u201etu wszystko znam\u201d.<\/p>\n\n\n\n<p>I w\u0142a\u015bnie to \u201eznam\u201d bywa najwi\u0119kszym hamulcem. Bo skoro znam, to jest bezpiecznie. A gdzie\u015b dalej\u2026 mo\u017ce nie b\u0119d\u0119 wiedzia\u0142, jak zapisa\u0107 si\u0119 do dentysty albo jak zam\u00f3wi\u0107 czarn\u0105 kaw\u0119 bez mleka w obcym j\u0119zyku. To przecie\u017c niemal zagro\u017cenie egzystencjalne!<\/p>\n\n\n\n<p>Ale czy naprawd\u0119?<\/p>\n\n\n\n<p>Czy kto\u015b kiedykolwiek prawnie zakaza\u0142 Ci opu\u015bci\u0107 Polsk\u0119 po 60. roku \u017cycia? Czy istnieje jaki\u015b przepis, kt\u00f3ry m\u00f3wi, \u017ce emeryt ma siedzie\u0107 w bloku i patrze\u0107 na szare niebo nad parkingiem osiedlowym? Nie.<\/p>\n\n\n\n<p>To nie paragraf Ci\u0119 trzyma \u2013 to Twoje w\u0142asne przekonania. L\u0119k przed zmian\u0105. Przed nowym. Przed byciem \u201eza starym na takie rzeczy\u201d.<\/p>\n\n\n\n<h3 class=\"wp-block-heading\">\u015awiat nie ma granic \u2013 tylko Twoja g\u0142owa je stawia<\/h3>\n\n\n\n<p>Prawda jest taka, \u017ce \u015bwiat stoi otworem. Hiszpania, Portugalia, Tajlandia, Meksyk, Dominikana \u2013 to nie s\u0105 bajkowe scenografie z folder\u00f3w biur podr\u00f3\u017cy. To realne miejsca, w kt\u00f3rych tysi\u0105ce europejskich emeryt\u00f3w \u017cyj\u0105, odpoczywaj\u0105, spaceruj\u0105, jedz\u0105 lepiej i \u015bmiej\u0105 si\u0119 cz\u0119\u015bciej.<\/p>\n\n\n\n<p>Tam emerytura to nie kara, tylko nagroda. Tam lekarz m\u00f3wi \u201etranquilo\u201d, nie \u201eprosz\u0119 nie denerwowa\u0107 si\u0119, ale trzeba b\u0119dzie czeka\u0107 8 miesi\u0119cy na rezonans\u201d. Tam do sklepu wychodzisz w sanda\u0142ach i nie zamarzasz na przystanku. A dentysta? Tani, uprzejmy i dost\u0119pny w tym samym tygodniu.<\/p>\n\n\n\n<p>Co wi\u0119cej \u2013 tam \u017cycie kosztuje tyle samo albo mniej ni\u017c w Polsce, a jako\u015b\u0107 \u2013 niepor\u00f3wnywalna.<\/p>\n\n\n\n<h4 class=\"wp-block-heading\">Polaku, czas odpi\u0105\u0107 si\u0119 od kaloryfera<\/h4>\n\n\n\n<p>Musimy jako spo\u0142ecze\u0144stwo zrozumie\u0107 jedno: nikt nam nie zabroni by\u0107 szcz\u0119\u015bliwym. Nie trzeba by\u0107 m\u0142odym, bogatym i przebojowym, by wyjecha\u0107. Nie trzeba zna\u0107 pi\u0119ciu j\u0119zyk\u00f3w, by dogada\u0107 si\u0119 w lokalnej kawiarni. Wystarczy chcie\u0107 co\u015b zmieni\u0107. Odwa\u017cy\u0107 si\u0119.<\/p>\n\n\n\n<p>Bo to, co nas trzyma, to nie system, nie prawo, nie brak pieni\u0119dzy. To tylko mentalno\u015b\u0107. Wdrukowane przekonanie, \u017ce emerytura = osiedle, telewizor i lekarz pierwszego kontaktu.<\/p>\n\n\n\n<p>A przecie\u017c mo\u017cna inaczej. Mo\u017cna powiedzie\u0107 \u201edo\u015b\u0107\u201d zimie, szaro\u015bci, wiecznemu marzni\u0119ciu i marudzeniu w kolejkach. Mo\u017cna postawi\u0107 na s\u0142o\u0144ce, spok\u00f3j i w\u0142asne dobre samopoczucie.<\/p>\n\n\n\n<p>Zamie\u0144 trzepak na palm\u0119<\/p>\n\n\n\n<p>Nie chodzi o luksus. Chodzi o jako\u015b\u0107 codziennego \u017cycia. O to, jak wygl\u0105da Tw\u00f3j poranek, jak czujesz si\u0119 popo\u0142udniu i czy masz ochot\u0119 wyj\u015b\u0107 z domu, bo s\u0142o\u0144ce \u015bwieci, a niebo nie jest od miesi\u0119cy stalowoszare.<\/p>\n\n\n\n<p>Emerytura w Hiszpanii czy Tajlandii to nie ucieczka \u2013 to wyb\u00f3r dla siebie. Dla zdrowia. Dla \u017cycia.<\/p>\n\n\n\n<p>To nie porzucenie wszystkiego, co znane \u2013 to otwarcie si\u0119 na to, co mo\u017cliwe.<\/p>\n\n\n\n<p>Rzuci\u0107 wszystko i wyjecha\u0107? Tak, teraz<\/p>\n\n\n\n<p>Nie trzeba rewolucji. Czasem wystarczy tylko krok.<\/p>\n\n\n\n<p>Paszport. Lot. Wizyta. Rozmowa z doradc\u0105. Sprawdzenie oferty. Zastanowienie si\u0119, czy naprawd\u0119 warto trzyma\u0107 si\u0119 zimnego grzejnika, skoro \u015bwiat oferuje co\u015b wi\u0119cej \u2013 co\u015b lepszego.<\/p>\n\n\n\n<p>I tu z pomoc\u0105 przychodzi platforma DEVETOPER \u2013 najwi\u0119kszy polski serwis oferuj\u0105cy nieruchomo\u015bci w s\u0142onecznych zak\u0105tkach \u015bwiata.<\/p>\n\n\n\n<h5 class=\"wp-block-heading\">Bez stresu, bez barier j\u0119zykowych, z pe\u0142nym wsparciem od A do Z.<\/h5>\n\n\n\n<p>DEVETOPER to:<\/p>\n\n\n\n<p>bezpieczny zakup nieruchomo\u015bci za granic\u0105,<\/p>\n\n\n\n<p>oferty dopasowane do stylu \u017cycia i bud\u017cetu,<\/p>\n\n\n\n<p>pomoc w za\u0142atwieniu formalno\u015bci,<\/p>\n\n\n\n<p>dost\u0119p do sprawdzonych lokalizacji: Hiszpania, Portugalia, Tajlandia, Meksyk i wi\u0119cej.<\/p>\n\n\n\n<p>\u017bycie jest tylko jedno. Zas\u0142uguje na s\u0142o\u0144ce<\/p>\n\n\n\n<p>Je\u015bli mo\u017cesz mie\u0107 wi\u0119cej \u2013 czasu, s\u0142o\u0144ca, rado\u015bci, zdrowia \u2013 to czemu z tego nie skorzysta\u0107?<\/p>\n\n\n\n<p>Nie jeste\u015b przykr\u0119cony do kaloryfera. Nikt Ci\u0119 nie trzyma. Mo\u017cesz i\u015b\u0107 \u2013 a raczej polecie\u0107 \u2013 tam, gdzie \u017cycie pachnie kwiatami, a nie spalinami.<\/p>\n\n\n\n<p>Zatem \u2013 do zobaczenia pod palm\u0105.<\/p>\n\n\n\n<p>Niech Halinka z trzeciego pi\u0119tra podlewa Twoje kwiatki. Ty podlewaj swoj\u0105 wolno\u015b\u0107.<\/p>\n\n\n\n<p>W s\u0142o\u0144cu. W ciep\u0142ym wietrze. W nowym, lepszym rozdziale.<\/p>\n","protected":false},"excerpt":{"rendered":"<p>W Polsce istnieje powiedzenie: \u201eStarych drzew si\u0119 nie przesadza\u201d. Jest w tym mo\u017ce troch\u0119 biologicznej prawdy, ale spo\u0142ecznie \u2013 to zupe\u0142nie nietrafne podej\u015bcie.<\/p>\n","protected":false},"author":14,"featured_media":383507,"comment_status":"open","ping_status":"open","sticky":false,"template":"","format":"standard","meta":{"_acf_changed":false,"_kad_blocks_custom_css":"","_kad_blocks_head_custom_js":"","_kad_blocks_body_custom_js":"","_kad_blocks_footer_custom_js":"","_kad_post_transparent":"","_kad_post_title":"","_kad_post_layout":"","_kad_post_sidebar_id":"","_kad_post_content_style":"","_kad_post_vertical_padding":"","_kad_post_feature":"","_kad_post_feature_position":"","_kad_post_header":false,"_kad_post_footer":false,"_jetpack_memberships_contains_paid_content":false,"_joinchat":[],"footnotes":""},"categories":[14],"tags":[],"class_list":["post-276292","post","type-post","status-publish","format-standard","has-post-thumbnail","hentry","category-bez-kategorii"],"acf":[],"yoast_head":"<!-- This site is optimized with the Yoast SEO plugin v24.5 - https:\/\/yoast.com\/wordpress\/plugins\/seo\/ -->\n<title>Czy Polacy s\u0105 przykr\u0119ceni do kaloryfera? - Devetoper<\/title>\n<meta name=\"description\" content=\"W Polsce istnieje powiedzenie: \u201eStarych drzew si\u0119 nie przesadza\u201d. Jest w tym mo\u017ce troch\u0119 biologicznej prawdy, ale spo\u0142ecznie \u2013 to zupe\u0142nie nietrafne podej\u015bcie.\" \/>\n<meta name=\"robots\" content=\"index, follow, max-snippet:-1, max-image-preview:large, max-video-preview:-1\" \/>\n<link rel=\"canonical\" href=\"https:\/\/devetoper.com\/en\/czy-polacy-sa-przykreceni-do-kaloryfera\/\" \/>\n<meta property=\"og:locale\" content=\"en_US\" \/>\n<meta property=\"og:type\" content=\"article\" \/>\n<meta property=\"og:title\" content=\"Czy Polacy s\u0105 przykr\u0119ceni do kaloryfera? - Devetoper\" \/>\n<meta property=\"og:description\" content=\"W Polsce istnieje powiedzenie: \u201eStarych drzew si\u0119 nie przesadza\u201d. Jest w tym mo\u017ce troch\u0119 biologicznej prawdy, ale spo\u0142ecznie \u2013 to zupe\u0142nie nietrafne podej\u015bcie.\" \/>\n<meta property=\"og:url\" content=\"https:\/\/devetoper.com\/en\/czy-polacy-sa-przykreceni-do-kaloryfera\/\" \/>\n<meta property=\"og:site_name\" content=\"Devetoper\" \/>\n<meta property=\"article:publisher\" content=\"https:\/\/www.facebook.com\/DEVETOPERCOM\" \/>\n<meta property=\"article:published_time\" content=\"2025-07-03T11:06:40+00:00\" \/>\n<meta property=\"article:modified_time\" content=\"2026-04-04T11:32:41+00:00\" \/>\n<meta property=\"og:image\" content=\"https:\/\/devetoper.com\/wp-content\/uploads\/2025\/07\/file_0000000026c4720ab26edbc89356774f.png\" \/>\n\t<meta property=\"og:image:width\" content=\"1024\" \/>\n\t<meta property=\"og:image:height\" content=\"1024\" \/>\n\t<meta property=\"og:image:type\" content=\"image\/png\" \/>\n<meta name=\"author\" content=\"Admin Devetoper\" \/>\n<meta name=\"twitter:card\" content=\"summary_large_image\" \/>\n<meta name=\"twitter:creator\" content=\"@DEVETOPER\" \/>\n<meta name=\"twitter:site\" content=\"@DEVETOPER\" \/>\n<meta name=\"twitter:label1\" content=\"Written by\" \/>\n\t<meta name=\"twitter:data1\" content=\"Admin Devetoper\" \/>\n\t<meta name=\"twitter:label2\" content=\"Est. reading time\" \/>\n\t<meta name=\"twitter:data2\" content=\"4 minutes\" \/>\n<script type=\"application\/ld+json\" class=\"yoast-schema-graph\">{\"@context\":\"https:\/\/schema.org\",\"@graph\":[{\"@type\":\"Article\",\"@id\":\"https:\/\/devetoper.com\/en\/czy-polacy-sa-przykreceni-do-kaloryfera\/#article\",\"isPartOf\":{\"@id\":\"https:\/\/devetoper.com\/en\/czy-polacy-sa-przykreceni-do-kaloryfera\/\"},\"author\":{\"name\":\"Admin Devetoper\",\"@id\":\"https:\/\/devetoper.com\/en\/#\/schema\/person\/7988ca37f920fc486061953e2abe1c4e\"},\"headline\":\"Czy Polacy s\u0105 przykr\u0119ceni do kaloryfera?\",\"datePublished\":\"2025-07-03T11:06:40+00:00\",\"dateModified\":\"2026-04-04T11:32:41+00:00\",\"mainEntityOfPage\":{\"@id\":\"https:\/\/devetoper.com\/en\/czy-polacy-sa-przykreceni-do-kaloryfera\/\"},\"wordCount\":816,\"commentCount\":0,\"publisher\":{\"@id\":\"https:\/\/devetoper.com\/en\/#organization\"},\"image\":{\"@id\":\"https:\/\/devetoper.com\/en\/czy-polacy-sa-przykreceni-do-kaloryfera\/#primaryimage\"},\"thumbnailUrl\":\"https:\/\/devetoper.com\/wp-content\/uploads\/2025\/07\/file_0000000026c4720ab26edbc89356774f.png\",\"articleSection\":[\"Bez kategorii\"],\"inLanguage\":\"en-US\",\"potentialAction\":[{\"@type\":\"CommentAction\",\"name\":\"Comment\",\"target\":[\"https:\/\/devetoper.com\/en\/czy-polacy-sa-przykreceni-do-kaloryfera\/#respond\"]}]},{\"@type\":\"WebPage\",\"@id\":\"https:\/\/devetoper.com\/en\/czy-polacy-sa-przykreceni-do-kaloryfera\/\",\"url\":\"https:\/\/devetoper.com\/en\/czy-polacy-sa-przykreceni-do-kaloryfera\/\",\"name\":\"Czy Polacy s\u0105 przykr\u0119ceni do kaloryfera? - Devetoper\",\"isPartOf\":{\"@id\":\"https:\/\/devetoper.com\/en\/#website\"},\"primaryImageOfPage\":{\"@id\":\"https:\/\/devetoper.com\/en\/czy-polacy-sa-przykreceni-do-kaloryfera\/#primaryimage\"},\"image\":{\"@id\":\"https:\/\/devetoper.com\/en\/czy-polacy-sa-przykreceni-do-kaloryfera\/#primaryimage\"},\"thumbnailUrl\":\"https:\/\/devetoper.com\/wp-content\/uploads\/2025\/07\/file_0000000026c4720ab26edbc89356774f.png\",\"datePublished\":\"2025-07-03T11:06:40+00:00\",\"dateModified\":\"2026-04-04T11:32:41+00:00\",\"description\":\"W Polsce istnieje powiedzenie: \u201eStarych drzew si\u0119 nie przesadza\u201d. Jest w tym mo\u017ce troch\u0119 biologicznej prawdy, ale spo\u0142ecznie \u2013 to zupe\u0142nie nietrafne podej\u015bcie.\",\"breadcrumb\":{\"@id\":\"https:\/\/devetoper.com\/en\/czy-polacy-sa-przykreceni-do-kaloryfera\/#breadcrumb\"},\"inLanguage\":\"en-US\",\"potentialAction\":[{\"@type\":\"ReadAction\",\"target\":[\"https:\/\/devetoper.com\/en\/czy-polacy-sa-przykreceni-do-kaloryfera\/\"]}]},{\"@type\":\"ImageObject\",\"inLanguage\":\"en-US\",\"@id\":\"https:\/\/devetoper.com\/en\/czy-polacy-sa-przykreceni-do-kaloryfera\/#primaryimage\",\"url\":\"https:\/\/devetoper.com\/wp-content\/uploads\/2025\/07\/file_0000000026c4720ab26edbc89356774f.png\",\"contentUrl\":\"https:\/\/devetoper.com\/wp-content\/uploads\/2025\/07\/file_0000000026c4720ab26edbc89356774f.png\",\"width\":1024,\"height\":1024},{\"@type\":\"BreadcrumbList\",\"@id\":\"https:\/\/devetoper.com\/en\/czy-polacy-sa-przykreceni-do-kaloryfera\/#breadcrumb\",\"itemListElement\":[{\"@type\":\"ListItem\",\"position\":1,\"name\":\"Home\",\"item\":\"https:\/\/devetoper.com\/en\/\"},{\"@type\":\"ListItem\",\"position\":2,\"name\":\"Czy Polacy s\u0105 przykr\u0119ceni do kaloryfera?\"}]},{\"@type\":\"WebSite\",\"@id\":\"https:\/\/devetoper.com\/en\/#website\",\"url\":\"https:\/\/devetoper.com\/en\/\",\"name\":\"Devetoper\",\"description\":\"Profesjonalizm, kt\u00f3ry zapewnia bezpiecze\u0144stwo ka\u017cdej transakcji\",\"publisher\":{\"@id\":\"https:\/\/devetoper.com\/en\/#organization\"},\"potentialAction\":[{\"@type\":\"SearchAction\",\"target\":{\"@type\":\"EntryPoint\",\"urlTemplate\":\"https:\/\/devetoper.com\/en\/?s={search_term_string}\"},\"query-input\":{\"@type\":\"PropertyValueSpecification\",\"valueRequired\":true,\"valueName\":\"search_term_string\"}}],\"inLanguage\":\"en-US\"},{\"@type\":\"Organization\",\"@id\":\"https:\/\/devetoper.com\/en\/#organization\",\"name\":\"Devetoper\",\"url\":\"https:\/\/devetoper.com\/en\/\",\"logo\":{\"@type\":\"ImageObject\",\"inLanguage\":\"en-US\",\"@id\":\"https:\/\/devetoper.com\/en\/#\/schema\/logo\/image\/\",\"url\":\"https:\/\/devetoper.com\/wp-content\/uploads\/2024\/05\/ORG_FALLBACK.png\",\"contentUrl\":\"https:\/\/devetoper.com\/wp-content\/uploads\/2024\/05\/ORG_FALLBACK.png\",\"width\":696,\"height\":696,\"caption\":\"Devetoper\"},\"image\":{\"@id\":\"https:\/\/devetoper.com\/en\/#\/schema\/logo\/image\/\"},\"sameAs\":[\"https:\/\/www.facebook.com\/DEVETOPERCOM\",\"https:\/\/x.com\/DEVETOPER\",\"https:\/\/www.youtube.com\/channel\/UCRF8haCQIXnFKmW464sqApQ\",\"https:\/\/www.tiktok.com\/@devetoper\",\"https:\/\/www.instagram.com\/devetoper_\/\"]},{\"@type\":\"Person\",\"@id\":\"https:\/\/devetoper.com\/en\/#\/schema\/person\/7988ca37f920fc486061953e2abe1c4e\",\"name\":\"Admin Devetoper\",\"image\":{\"@type\":\"ImageObject\",\"inLanguage\":\"en-US\",\"@id\":\"https:\/\/devetoper.com\/en\/#\/schema\/person\/image\/\",\"url\":\"https:\/\/secure.gravatar.com\/avatar\/f0a6af7d2b4f6f18122656e4045378fb?s=96&d=mm&r=g\",\"contentUrl\":\"https:\/\/secure.gravatar.com\/avatar\/f0a6af7d2b4f6f18122656e4045378fb?s=96&d=mm&r=g\",\"caption\":\"Admin Devetoper\"}}]}<\/script>\n<!-- \/ Yoast SEO plugin. -->","yoast_head_json":{"title":"Czy Polacy s\u0105 przykr\u0119ceni do kaloryfera? - Devetoper","description":"W Polsce istnieje powiedzenie: \u201eStarych drzew si\u0119 nie przesadza\u201d. Jest w tym mo\u017ce troch\u0119 biologicznej prawdy, ale spo\u0142ecznie \u2013 to zupe\u0142nie nietrafne podej\u015bcie.","robots":{"index":"index","follow":"follow","max-snippet":"max-snippet:-1","max-image-preview":"max-image-preview:large","max-video-preview":"max-video-preview:-1"},"canonical":"https:\/\/devetoper.com\/en\/czy-polacy-sa-przykreceni-do-kaloryfera\/","og_locale":"en_US","og_type":"article","og_title":"Czy Polacy s\u0105 przykr\u0119ceni do kaloryfera? - Devetoper","og_description":"W Polsce istnieje powiedzenie: \u201eStarych drzew si\u0119 nie przesadza\u201d. Jest w tym mo\u017ce troch\u0119 biologicznej prawdy, ale spo\u0142ecznie \u2013 to zupe\u0142nie nietrafne podej\u015bcie.","og_url":"https:\/\/devetoper.com\/en\/czy-polacy-sa-przykreceni-do-kaloryfera\/","og_site_name":"Devetoper","article_publisher":"https:\/\/www.facebook.com\/DEVETOPERCOM","article_published_time":"2025-07-03T11:06:40+00:00","article_modified_time":"2026-04-04T11:32:41+00:00","og_image":[{"width":1024,"height":1024,"url":"https:\/\/devetoper.com\/wp-content\/uploads\/2025\/07\/file_0000000026c4720ab26edbc89356774f.png","type":"image\/png"}],"author":"Admin Devetoper","twitter_card":"summary_large_image","twitter_creator":"@DEVETOPER","twitter_site":"@DEVETOPER","twitter_misc":{"Written by":"Admin Devetoper","Est. reading time":"4 minutes"},"schema":{"@context":"https:\/\/schema.org","@graph":[{"@type":"Article","@id":"https:\/\/devetoper.com\/en\/czy-polacy-sa-przykreceni-do-kaloryfera\/#article","isPartOf":{"@id":"https:\/\/devetoper.com\/en\/czy-polacy-sa-przykreceni-do-kaloryfera\/"},"author":{"name":"Admin Devetoper","@id":"https:\/\/devetoper.com\/en\/#\/schema\/person\/7988ca37f920fc486061953e2abe1c4e"},"headline":"Czy Polacy s\u0105 przykr\u0119ceni do kaloryfera?","datePublished":"2025-07-03T11:06:40+00:00","dateModified":"2026-04-04T11:32:41+00:00","mainEntityOfPage":{"@id":"https:\/\/devetoper.com\/en\/czy-polacy-sa-przykreceni-do-kaloryfera\/"},"wordCount":816,"commentCount":0,"publisher":{"@id":"https:\/\/devetoper.com\/en\/#organization"},"image":{"@id":"https:\/\/devetoper.com\/en\/czy-polacy-sa-przykreceni-do-kaloryfera\/#primaryimage"},"thumbnailUrl":"https:\/\/devetoper.com\/wp-content\/uploads\/2025\/07\/file_0000000026c4720ab26edbc89356774f.png","articleSection":["Bez kategorii"],"inLanguage":"en-US","potentialAction":[{"@type":"CommentAction","name":"Comment","target":["https:\/\/devetoper.com\/en\/czy-polacy-sa-przykreceni-do-kaloryfera\/#respond"]}]},{"@type":"WebPage","@id":"https:\/\/devetoper.com\/en\/czy-polacy-sa-przykreceni-do-kaloryfera\/","url":"https:\/\/devetoper.com\/en\/czy-polacy-sa-przykreceni-do-kaloryfera\/","name":"Czy Polacy s\u0105 przykr\u0119ceni do kaloryfera? - Devetoper","isPartOf":{"@id":"https:\/\/devetoper.com\/en\/#website"},"primaryImageOfPage":{"@id":"https:\/\/devetoper.com\/en\/czy-polacy-sa-przykreceni-do-kaloryfera\/#primaryimage"},"image":{"@id":"https:\/\/devetoper.com\/en\/czy-polacy-sa-przykreceni-do-kaloryfera\/#primaryimage"},"thumbnailUrl":"https:\/\/devetoper.com\/wp-content\/uploads\/2025\/07\/file_0000000026c4720ab26edbc89356774f.png","datePublished":"2025-07-03T11:06:40+00:00","dateModified":"2026-04-04T11:32:41+00:00","description":"W Polsce istnieje powiedzenie: \u201eStarych drzew si\u0119 nie przesadza\u201d. Jest w tym mo\u017ce troch\u0119 biologicznej prawdy, ale spo\u0142ecznie \u2013 to zupe\u0142nie nietrafne podej\u015bcie.","breadcrumb":{"@id":"https:\/\/devetoper.com\/en\/czy-polacy-sa-przykreceni-do-kaloryfera\/#breadcrumb"},"inLanguage":"en-US","potentialAction":[{"@type":"ReadAction","target":["https:\/\/devetoper.com\/en\/czy-polacy-sa-przykreceni-do-kaloryfera\/"]}]},{"@type":"ImageObject","inLanguage":"en-US","@id":"https:\/\/devetoper.com\/en\/czy-polacy-sa-przykreceni-do-kaloryfera\/#primaryimage","url":"https:\/\/devetoper.com\/wp-content\/uploads\/2025\/07\/file_0000000026c4720ab26edbc89356774f.png","contentUrl":"https:\/\/devetoper.com\/wp-content\/uploads\/2025\/07\/file_0000000026c4720ab26edbc89356774f.png","width":1024,"height":1024},{"@type":"BreadcrumbList","@id":"https:\/\/devetoper.com\/en\/czy-polacy-sa-przykreceni-do-kaloryfera\/#breadcrumb","itemListElement":[{"@type":"ListItem","position":1,"name":"Home","item":"https:\/\/devetoper.com\/en\/"},{"@type":"ListItem","position":2,"name":"Czy Polacy s\u0105 przykr\u0119ceni do kaloryfera?"}]},{"@type":"WebSite","@id":"https:\/\/devetoper.com\/en\/#website","url":"https:\/\/devetoper.com\/en\/","name":"Devetoper","description":"Profesjonalizm, kt\u00f3ry zapewnia bezpiecze\u0144stwo ka\u017cdej transakcji","publisher":{"@id":"https:\/\/devetoper.com\/en\/#organization"},"potentialAction":[{"@type":"SearchAction","target":{"@type":"EntryPoint","urlTemplate":"https:\/\/devetoper.com\/en\/?s={search_term_string}"},"query-input":{"@type":"PropertyValueSpecification","valueRequired":true,"valueName":"search_term_string"}}],"inLanguage":"en-US"},{"@type":"Organization","@id":"https:\/\/devetoper.com\/en\/#organization","name":"Devetoper","url":"https:\/\/devetoper.com\/en\/","logo":{"@type":"ImageObject","inLanguage":"en-US","@id":"https:\/\/devetoper.com\/en\/#\/schema\/logo\/image\/","url":"https:\/\/devetoper.com\/wp-content\/uploads\/2024\/05\/ORG_FALLBACK.png","contentUrl":"https:\/\/devetoper.com\/wp-content\/uploads\/2024\/05\/ORG_FALLBACK.png","width":696,"height":696,"caption":"Devetoper"},"image":{"@id":"https:\/\/devetoper.com\/en\/#\/schema\/logo\/image\/"},"sameAs":["https:\/\/www.facebook.com\/DEVETOPERCOM","https:\/\/x.com\/DEVETOPER","https:\/\/www.youtube.com\/channel\/UCRF8haCQIXnFKmW464sqApQ","https:\/\/www.tiktok.com\/@devetoper","https:\/\/www.instagram.com\/devetoper_\/"]},{"@type":"Person","@id":"https:\/\/devetoper.com\/en\/#\/schema\/person\/7988ca37f920fc486061953e2abe1c4e","name":"Admin Devetoper","image":{"@type":"ImageObject","inLanguage":"en-US","@id":"https:\/\/devetoper.com\/en\/#\/schema\/person\/image\/","url":"https:\/\/secure.gravatar.com\/avatar\/f0a6af7d2b4f6f18122656e4045378fb?s=96&d=mm&r=g","contentUrl":"https:\/\/secure.gravatar.com\/avatar\/f0a6af7d2b4f6f18122656e4045378fb?s=96&d=mm&r=g","caption":"Admin Devetoper"}}]}},"taxonomy_info":{"category":[{"value":14,"label":"Bez kategorii"}]},"featured_image_src_large":["https:\/\/devetoper.com\/wp-content\/uploads\/2025\/07\/file_0000000026c4720ab26edbc89356774f.png",1024,1024,false],"author_info":{"display_name":"Admin Devetoper","author_link":"https:\/\/devetoper.com\/en\/author\/deveadmtop\/"},"comment_info":0,"category_info":[{"term_id":14,"name":"Bez kategorii","slug":"bez-kategorii","term_group":0,"term_taxonomy_id":14,"taxonomy":"category","description":"","parent":0,"count":5600,"filter":"raw","cat_ID":14,"category_count":5600,"category_description":"","cat_name":"Bez kategorii","category_nicename":"bez-kategorii","category_parent":0}],"tag_info":false,"jetpack_featured_media_url":"https:\/\/devetoper.com\/wp-content\/uploads\/2025\/07\/file_0000000026c4720ab26edbc89356774f.png","jetpack_sharing_enabled":true,"_links":{"self":[{"href":"https:\/\/devetoper.com\/en\/wp-json\/wp\/v2\/posts\/276292","targetHints":{"allow":["GET"]}}],"collection":[{"href":"https:\/\/devetoper.com\/en\/wp-json\/wp\/v2\/posts"}],"about":[{"href":"https:\/\/devetoper.com\/en\/wp-json\/wp\/v2\/types\/post"}],"author":[{"embeddable":true,"href":"https:\/\/devetoper.com\/en\/wp-json\/wp\/v2\/users\/14"}],"replies":[{"embeddable":true,"href":"https:\/\/devetoper.com\/en\/wp-json\/wp\/v2\/comments?post=276292"}],"version-history":[{"count":1,"href":"https:\/\/devetoper.com\/en\/wp-json\/wp\/v2\/posts\/276292\/revisions"}],"predecessor-version":[{"id":276293,"href":"https:\/\/devetoper.com\/en\/wp-json\/wp\/v2\/posts\/276292\/revisions\/276293"}],"wp:featuredmedia":[{"embeddable":true,"href":"https:\/\/devetoper.com\/en\/wp-json\/wp\/v2\/media\/383507"}],"wp:attachment":[{"href":"https:\/\/devetoper.com\/en\/wp-json\/wp\/v2\/media?parent=276292"}],"wp:term":[{"taxonomy":"category","embeddable":true,"href":"https:\/\/devetoper.com\/en\/wp-json\/wp\/v2\/categories?post=276292"},{"taxonomy":"post_tag","embeddable":true,"href":"https:\/\/devetoper.com\/en\/wp-json\/wp\/v2\/tags?post=276292"}],"curies":[{"name":"wp","href":"https:\/\/api.w.org\/{rel}","templated":true}]}}